{"id":875,"date":"2017-04-29T14:49:42","date_gmt":"2017-04-29T13:49:42","guid":{"rendered":"http:\/\/sites.les.univr.it\/fashion\/?p=875"},"modified":"2018-10-24T08:36:58","modified_gmt":"2018-10-24T07:36:58","slug":"newsletter-2017-2-2","status":"publish","type":"post","link":"https:\/\/sites.les.univr.it\/fashion\/index.php\/newsletter-2017-2-2\/","title":{"rendered":"Newsletter 2017\/2"},"content":{"rendered":"<p>[vc_row][vc_column]<div class=\"section-title  text-center\" ><h4>Ai lettori<\/h4> <\/div>[vc_column_text]<\/p>\n<p style=\"text-align: justify;\">Questo secondo numero del 2017 della Newsletter \u201cUnivr Fashion Week\u201d contiene alcune informazioni sulla Conferenza \u201c<em>La moda nel mondo digitale: i diritti delle imprese e dei consumatori<\/em>\u201d che si \u00e8 tenuta il 10 marzo 2017, nonch\u00e9 le notizie utili sulla seconda edizione della Summer School che si svolger\u00e0 dal 19 al 24 giugno 2017.<\/p>\n<p>Buona lettura![\/vc_column_text][\/vc_column][\/vc_row][vc_row][vc_column][vc_empty_space][\/vc_column][\/vc_row][vc_row][vc_column][\/vc_column][\/vc_row][vc_row][vc_column]<div class=\"section-title  text-center\" ><h4>La conferenza del 10 marzo 2017<\/h4> <\/div>[vc_column_text]<\/p>\n<p style=\"text-align: justify;\"><img loading=\"lazy\" decoding=\"async\" class=\" wp-image-887 alignleft\" src=\"https:\/\/sites.les.univr.it\/fashion\/wp-content\/uploads\/00_Saluti-300x225.jpg\" alt=\"\" width=\"351\" height=\"263\" srcset=\"https:\/\/sites.les.univr.it\/fashion\/wp-content\/uploads\/00_Saluti-300x225.jpg 300w, https:\/\/sites.les.univr.it\/fashion\/wp-content\/uploads\/00_Saluti-768x576.jpg 768w, https:\/\/sites.les.univr.it\/fashion\/wp-content\/uploads\/00_Saluti-1024x768.jpg 1024w, https:\/\/sites.les.univr.it\/fashion\/wp-content\/uploads\/00_Saluti-600x450.jpg 600w\" sizes=\"auto, (max-width: 351px) 100vw, 351px\" \/>L\u2019evento ha avuto un enorme successo: i <strong>partecipanti<\/strong> erano circa <strong>250<\/strong>, tra cui avvocati, dottorandi e studenti, nonch\u00e9 altri professionisti ed esperti del settore della moda. La valutazione complessiva della conferenza \u00e8 reperibile nel <span style=\"color: #800080;\"><a style=\"color: #800080;\" href=\"https:\/\/sites.les.univr.it\/fashion\/index.php\/report-gennaio-marzo-2017\/\">Report di gennaio \u2013 marzo 2017<\/a><\/span>, dove sono riportati anche i risultati dei questionari distribuiti in tale occasione.<\/p>\n<p style=\"text-align: justify;\">La <strong>dott.ssa<\/strong> <strong>Patrizia Salvaterra<\/strong>, giornalista ed esperta di comunicazione, ha aperto l\u2019incontro e moderato gli interventi. Hanno introdotto la conferenza la <strong>prof.ssa Maria Caterina Baruffi<\/strong>, Academic Coordinator del progetto UnivrFW, il <strong>prof. Matteo Ortino<\/strong>, Direttore della Scuola di Dottorato di Scienze giuridiche ed economiche dell\u2019Universit\u00e0 degli Studi di Verona, e l\u2019<strong>avv. Alessandro Rigoli<\/strong>, Presidente dell\u2019Ordine degli Avvocati di Verona, i quali hanno sottolineato l\u2019importanza della formazione, che unisce mondo accademico e mondo professionale, rivelandosi una necessaria e proficua collaborazione volta allo sviluppo di competenze qualificate anche per le industrie creative, tra cui \u00e8 compreso il settore della moda.<\/p>\n<p style=\"text-align: justify;\">Hanno preso poi la parola gli ospiti relatori. La <strong>dott.ssa Anna Caprara<\/strong>, Direttrice del Consorzio della Moda, ha illustrato la storia dell\u2019organizzazione, le funzioni e gli obiettivi della stessa, nonch\u00e9 le sue attivit\u00e0 volte a migliorare la competitivit\u00e0 delle aziende e l\u2019innovazione del processo produttivo, grazie anche alla ricerca di progetti specifici, tra cui rientra la realizzazione di una rete innovativa regionale.<img loading=\"lazy\" decoding=\"async\" class=\" wp-image-888 alignright\" src=\"https:\/\/sites.les.univr.it\/fashion\/wp-content\/uploads\/01_sessione-II-bis-300x225.jpg\" alt=\"\" width=\"359\" height=\"269\" srcset=\"https:\/\/sites.les.univr.it\/fashion\/wp-content\/uploads\/01_sessione-II-bis-300x225.jpg 300w, https:\/\/sites.les.univr.it\/fashion\/wp-content\/uploads\/01_sessione-II-bis-768x576.jpg 768w, https:\/\/sites.les.univr.it\/fashion\/wp-content\/uploads\/01_sessione-II-bis-1024x768.jpg 1024w, https:\/\/sites.les.univr.it\/fashion\/wp-content\/uploads\/01_sessione-II-bis-600x450.jpg 600w\" sizes=\"auto, (max-width: 359px) 100vw, 359px\" \/><\/p>\n<p style=\"text-align: justify;\">Il <strong>prof. Claudio Baccarani<\/strong>, Direttore del Dipartimento di economia aziendale dell\u2019Universit\u00e0 degli Studi di Verona, si \u00e8 concentrato sul significato di alcune parole chiave dell\u2019incontro quali: moda, digitale, imprese, consumatori, mercati e conversazioni. Grazie alla spiegazione delle caratteristiche distintive e dell\u2019uso di questi termini, \u00e8 giunto a qualificare i mercati come conversazioni, ovvero dialoghi tra imprese e consumatori.<\/p>\n<p style=\"text-align: justify;\">Le informazioni sull\u2019opinione della clientela vengono raccolte tramite il monitoraggio delle piattaforme di comunicazione, che sono sempre pi\u00f9 presenti nel mondo digitale. Il concetto di Digital Transformation \u00e8 stato affrontato dall\u2019<strong>avv. Gianluigi Marino<\/strong>, DLA Piper Italy, secondo cui questa evoluzione incide sul trattamento dei dati personali da parte delle imprese, alla luce anche della nuova legislazione europea.<\/p>\n<p style=\"text-align: justify;\">L\u2019<strong>avv. Giovanni Casucci<\/strong> si \u00e8 focalizzato sulla difesa dei valori intangibili delle imprese di moda (marchi, brevetti e design) nel mercato della rete, evidenziando la necessit\u00e0 di una efficiente strategia di utilizzo dei diritti di propriet\u00e0 industriale, che garantisca la sicurezza e la protezione del prodotto.<\/p>\n<p style=\"text-align: justify;\">Nel mondo digitale trovi<img loading=\"lazy\" decoding=\"async\" class=\" wp-image-890 alignleft\" src=\"https:\/\/sites.les.univr.it\/fashion\/wp-content\/uploads\/03_Audience-7-300x225.jpg\" alt=\"\" width=\"373\" height=\"280\" srcset=\"https:\/\/sites.les.univr.it\/fashion\/wp-content\/uploads\/03_Audience-7-300x225.jpg 300w, https:\/\/sites.les.univr.it\/fashion\/wp-content\/uploads\/03_Audience-7-768x576.jpg 768w, https:\/\/sites.les.univr.it\/fashion\/wp-content\/uploads\/03_Audience-7-1024x768.jpg 1024w, https:\/\/sites.les.univr.it\/fashion\/wp-content\/uploads\/03_Audience-7-600x450.jpg 600w\" sizes=\"auto, (max-width: 373px) 100vw, 373px\" \/>amo anche i social media, che il <strong>dott. Andrea Albanese<\/strong>, Social Media Manager e Digital Communication Advisor, ha analizzato nell\u2019ambito del suo intervento sul concetto di marketing e e-commerce sottolineando le modalit\u00e0 con le quali il consumatore si relaziona con il brand.<\/p>\n<p style=\"text-align: justify;\">Ha riportato l\u2019attenzione sull\u2019importanza del settore della moda nell\u2019economia locale e regionale il <strong>prof. Federico Perali<\/strong>, Universit\u00e0 degli Studi di Verona, che ha espresso il bisogno di investire nelle aree produttive.<\/p>\n<p style=\"text-align: justify;\">L&#8217;evento si \u00e8 concluso con un ospite speciale, <strong>dott.ssa Barbara Caracciolo<\/strong>, che ha mostrato un vestito d\u2019epoca creato da lei stessa. L&#8217;obiettivo era quello di focalizzare l&#8217;attenzione sul valore delle tradizioni anche se il nostro mondo sta diventando sempre pi\u00f9 digitale.<\/p>\n<p>[\/vc_column_text][vc_empty_space][\/vc_column][\/vc_row][vc_row][vc_column]<div class=\"section-title  text-center\" ><h4>Per approfondire<\/h4> <\/div>[vc_column_text]Si possono leggere alcune notizie e articoli relativi alla conferenza nella pagina dedicata alla <span style=\"color: #800080;\"><a style=\"color: #800080;\" href=\"https:\/\/sites.les.univr.it\/fashion\/index.php\/conferenze\/conferenza-2017\/press-release-conferenza-2017\/\"><strong>Rassegna stampa<\/strong><\/a><\/span>.<br \/>\nLe foto dell\u2019evento sono pubblicate <span style=\"color: #800080;\"><a style=\"color: #800080;\" href=\"https:\/\/sites.les.univr.it\/fashion\/index.php\/conferenze\/conferenza-2017\/\"><strong>qui<\/strong><\/a><\/span>.<br \/>\nRicordiamo che le attivit\u00e0 del progetto Univr Fashion Week sono descritte nei report di monitoraggio, reperibili <span style=\"color: #800080;\"><a style=\"color: #800080;\" href=\"https:\/\/sites.les.univr.it\/fashion\/index.php\/il-progetto-univr-fashion-week\/\"><strong>qui<\/strong><\/a><\/span>.[\/vc_column_text][\/vc_column][\/vc_row][vc_row][vc_column][vc_empty_space][\/vc_column][\/vc_row][vc_row][vc_column]<div class=\"section-title  text-center\" ><h4>Verso la Summer School 19-24 giugno 2017<\/h4> <\/div>[vc_column_text]<strong><img loading=\"lazy\" decoding=\"async\" class=\" wp-image-889 alignright\" src=\"https:\/\/sites.les.univr.it\/fashion\/wp-content\/uploads\/02_Lunch-break-4-300x257.jpg\" alt=\"\" width=\"233\" height=\"200\" srcset=\"https:\/\/sites.les.univr.it\/fashion\/wp-content\/uploads\/02_Lunch-break-4-300x257.jpg 300w, https:\/\/sites.les.univr.it\/fashion\/wp-content\/uploads\/02_Lunch-break-4-768x658.jpg 768w, https:\/\/sites.les.univr.it\/fashion\/wp-content\/uploads\/02_Lunch-break-4-1024x877.jpg 1024w, https:\/\/sites.les.univr.it\/fashion\/wp-content\/uploads\/02_Lunch-break-4-600x514.jpg 600w\" sizes=\"auto, (max-width: 233px) 100vw, 233px\" \/>COSA:<\/strong> tutte le informazioni relative alla seconda edizione della Summer School Univr Fashion Week sono reperibili <span style=\"color: #800080;\"><a style=\"color: #800080;\" href=\"https:\/\/sites.les.univr.it\/fashion\/index.php\/summer-school\/summer-school-2017\/\">qui<\/a><\/span>.<br \/>\n<strong>A CHI: <\/strong>laureati e giovani professionisti in discipline economiche e giuridiche, avvocati e praticanti, studenti dell\u2019ultimo anno in discipline giuridiche ed economiche<br \/>\n<strong>DOVE: <\/strong>Universit\u00e0 degli Studi di Verona, Dipartimento di Scienze giuridiche, Via Carlo Montanari 9, 37122 Verona<br \/>\n<strong>COME: <\/strong>iscrizioni entro il 31 maggio 2017 ore 13:00. Per le modalit\u00e0 consulta <span style=\"color: #800080;\"><a style=\"color: #800080;\" href=\"https:\/\/sites.les.univr.it\/fashion\/index.php\/iscrizioni-e-accreditamenti\/\">questa pagina<\/a><\/span>.<br \/>\n<strong>ACCREDITAMENTI: <\/strong>Ordine degli Avvocati di Verona (15 CFU per la partecipazione ad almeno l\u201980{a14a5fb528fe56ca25149d65a85f27027fc08aee43dd8ba19daa5f9e2276d995} delle lezioni)[\/vc_column_text][\/vc_column][\/vc_row][vc_row][vc_column][vc_column_text]<\/p>\n<p style=\"text-align: center;\">*******<\/p>\n<p style=\"text-align: justify;\"><em>Questo numero \u00e8 stato redatto con la collaborazione di<span style=\"color: #800080;\"><strong> Maddalena Vanzo<\/strong><\/span>, studentessa di giurisprudenza presso l\u2019Universit\u00e0 degli Studi di Verona e stagiaire del progetto Univr Fashion Week.<\/em><\/p>\n<p>[\/vc_column_text][\/vc_column][\/vc_row]<\/p>\n","protected":false},"excerpt":{"rendered":"<p>[vc_row][vc_column][vc_column_text] Questo secondo numero del 2017 della Newsletter \u201cUnivr Fashion Week\u201d contiene alcune informazioni sulla Conferenza \u201cLa moda nel mondo digitale: i diritti delle imprese e dei consumatori\u201d che si&hellip;<\/p>\n","protected":false},"author":4,"featured_media":412,"comment_status":"closed","ping_status":"closed","sticky":false,"template":"","format":"standard","meta":{"footnotes":""},"categories":[28],"tags":[21,29,3],"class_list":["post-875","post","type-post","status-publish","format-standard","has-post-thumbnail","hentry","category-newsletter-2017","tag-newsletter","tag-newsletter-2017","tag-univr-fashion-week"],"_links":{"self":[{"href":"https:\/\/sites.les.univr.it\/fashion\/index.php\/wp-json\/wp\/v2\/posts\/875","targetHints":{"allow":["GET"]}}],"collection":[{"href":"https:\/\/sites.les.univr.it\/fashion\/index.php\/wp-json\/wp\/v2\/posts"}],"about":[{"href":"https:\/\/sites.les.univr.it\/fashion\/index.php\/wp-json\/wp\/v2\/types\/post"}],"author":[{"embeddable":true,"href":"https:\/\/sites.les.univr.it\/fashion\/index.php\/wp-json\/wp\/v2\/users\/4"}],"replies":[{"embeddable":true,"href":"https:\/\/sites.les.univr.it\/fashion\/index.php\/wp-json\/wp\/v2\/comments?post=875"}],"version-history":[{"count":17,"href":"https:\/\/sites.les.univr.it\/fashion\/index.php\/wp-json\/wp\/v2\/posts\/875\/revisions"}],"predecessor-version":[{"id":1714,"href":"https:\/\/sites.les.univr.it\/fashion\/index.php\/wp-json\/wp\/v2\/posts\/875\/revisions\/1714"}],"wp:featuredmedia":[{"embeddable":true,"href":"https:\/\/sites.les.univr.it\/fashion\/index.php\/wp-json\/wp\/v2\/media\/412"}],"wp:attachment":[{"href":"https:\/\/sites.les.univr.it\/fashion\/index.php\/wp-json\/wp\/v2\/media?parent=875"}],"wp:term":[{"taxonomy":"category","embeddable":true,"href":"https:\/\/sites.les.univr.it\/fashion\/index.php\/wp-json\/wp\/v2\/categories?post=875"},{"taxonomy":"post_tag","embeddable":true,"href":"https:\/\/sites.les.univr.it\/fashion\/index.php\/wp-json\/wp\/v2\/tags?post=875"}],"curies":[{"name":"wp","href":"https:\/\/api.w.org\/{rel}","templated":true}]}}