{"id":497,"date":"2017-02-14T00:29:16","date_gmt":"2017-02-13T23:29:16","guid":{"rendered":"http:\/\/sites.les.univr.it\/www.univrfashionweek.it\/?p=497"},"modified":"2018-10-25T08:49:12","modified_gmt":"2018-10-25T07:49:12","slug":"newsletter-20163","status":"publish","type":"post","link":"https:\/\/sites.les.univr.it\/fashion\/index.php\/newsletter-20163\/","title":{"rendered":"Newsletter 2016\/3"},"content":{"rendered":"<p>[vc_row][vc_column]<div class=\"section-title  text-center\" ><h4>Ai lettori<\/h4> <\/div>[vc_column_text]<\/p>\n<p style=\"text-align: justify;\">Torniamo con un <strong>nuovo numero<\/strong> per illustrare l\u2019evento principale organizzato nell\u2019ambito del Progetto Univr Fashion Week: la <strong>Summer School<\/strong> sull\u2019industria della moda nell\u2019Unione europea.<\/p>\n<p style=\"text-align: justify;\">Hanno fatto seguito ulteriori attivit\u00e0 di pubblica-zione e diffusione dei risultati grazie alla preziosa collaborazione di tutti i Teaching Staff Members.<\/p>\n<p style=\"text-align: justify;\">In attesa dell\u2019inizio del secondo anno del Progetto, auguriamo buona lettura e buone vacanze!<\/p>\n<p>Il Project Team[\/vc_column_text][\/vc_column][\/vc_row][vc_row][vc_column][vc_empty_space][\/vc_column][\/vc_row][vc_row][vc_column]<div class=\"section-title  text-center\" ><h4>La Summer School: feedback, stages, materiale scientifico...<\/h4> <p><\/p>\n<h2><\/h2>\n<p><\/p><\/div>[vc_column_text]<\/p>\n<p style=\"text-align: justify;\"><a href=\"https:\/\/sites.les.univr.it\/www.univrfashionweek.it\/wp-content\/uploads\/IMG_20160621_162709.jpg\"><img loading=\"lazy\" decoding=\"async\" class=\" wp-image-498 alignright\" src=\"https:\/\/sites.les.univr.it\/www.univrfashionweek.it\/wp-content\/uploads\/IMG_20160621_162709-300x225.jpg\" alt=\"\" width=\"354\" height=\"266\" srcset=\"https:\/\/sites.les.univr.it\/fashion\/wp-content\/uploads\/IMG_20160621_162709-300x225.jpg 300w, https:\/\/sites.les.univr.it\/fashion\/wp-content\/uploads\/IMG_20160621_162709-768x576.jpg 768w, https:\/\/sites.les.univr.it\/fashion\/wp-content\/uploads\/IMG_20160621_162709-1024x768.jpg 1024w, https:\/\/sites.les.univr.it\/fashion\/wp-content\/uploads\/IMG_20160621_162709-600x450.jpg 600w\" sizes=\"auto, (max-width: 354px) 100vw, 354px\" \/><\/a>La Summer School si \u00e8 svolta <strong>dal 20 al 25 giugno 2016<\/strong> presso il Dipartimento di Scienze giuridiche dell\u2019Universit\u00e0 degli Studi di Verona. Gli <strong>iscritti<\/strong> erano 41 e hanno frequentato assiduamente le lezioni e i workshops. L\u2019interesse dimostrato durante le attivit\u00e0 \u00e8 stato evidenziato e apprezzato da tutti i Teaching Staff Members, nonch\u00e9 dallo stesso Project Team.<\/p>\n<p style=\"text-align: justify;\">L\u2019iniziativa \u00e8 stata inaugurata dall\u2019Academic Coordinator Prof.ssa Maria Caterina Baruffi. Il <strong>programma<\/strong> della Summer School era organizzato in vari moduli, che univano lezioni e workshops tenuti da docenti universitari ed esperti nel settore della moda.<\/p>\n<p style=\"text-align: justify;\">I <strong>temi<\/strong> trattati coprivano diversi aspetti, sia giuridici e di consulenza fiscale, sia di rilevanza economico-manageriale dell\u2019industria della moda, ma anche profili di comunicazione, marketing e racconti di esperienze professionali.<\/p>\n<p style=\"text-align: justify;\">Durante la Summer School la Redazione di Univrmagazine ha intervistato la Prof.ssa <strong>Maria Caterina Baruffi<\/strong> e alcuni ospiti. La coordinatrice del Progetto ha evidenziato l\u2019obiettivo finale del corso: formare giovani professionisti che grazie a competenze specifiche possano poi porsi al servizio delle imprese della moda.<strong> Riccardo Vannetti<\/strong>, Tutorship Director di Pitti Immagine, ha definito la formazione come elemento necessario, che raggruppa una serie di \u201cattivit\u00e0 di backstage\u201d di supporto per il mondo della moda.<\/p>\n<p><strong><em>Stages<\/em><\/strong><\/p>\n<p style=\"text-align: justify;\">Ad alcuni dei partecipanti \u00e8 offerta la possibilit\u00e0 di svolgere uno stage presso aziende di moda e societ\u00e0 che ad esse forniscono servizi di consulenza manageriale, fiscale e legale. Le richieste degli interessati sono direttamente valutate dalle societ\u00e0 e imprese che si sono rese disponibili.<\/p>\n<p><strong><em>Materiale scientifico online free access<br \/>\n<\/em><\/strong><\/p>\n<p style=\"text-align: justify;\">I contenuti e il materiale predisposto per la Summer School sono resi disponibili online, con il consenso dei Teaching Staff Members, come risorse online free access. Gli approfondimenti offerti durante le lezioni e i workshops vengono dunque divulgati per permettere a un pubblico pi\u00f9 ampio di conoscere e scoprire i vari profili del settore della moda.<\/p>\n<p>[\/vc_column_text][\/vc_column][\/vc_row][vc_row][vc_column][vc_empty_space][\/vc_column][\/vc_row][vc_row][vc_column]<div class=\"section-title  text-center\" ><h4>\u2026l\u2019edizione speciale dei Papers di diritto europeo<\/h4> <\/div>[vc_column_text]<\/p>\n<p style=\"text-align: justify;\"><a href=\"https:\/\/sites.les.univr.it\/www.univrfashionweek.it\/wp-content\/uploads\/Papers.png\"><img loading=\"lazy\" decoding=\"async\" class=\" wp-image-499 alignleft\" src=\"https:\/\/sites.les.univr.it\/www.univrfashionweek.it\/wp-content\/uploads\/Papers-213x300.png\" alt=\"\" width=\"169\" height=\"238\" srcset=\"https:\/\/sites.les.univr.it\/fashion\/wp-content\/uploads\/Papers-213x300.png 213w, https:\/\/sites.les.univr.it\/fashion\/wp-content\/uploads\/Papers.png 401w\" sizes=\"auto, (max-width: 169px) 100vw, 169px\" \/><\/a>La pubblicazione dell\u2019<strong>edizione speciale 2016 della rivista <\/strong>online free access <strong><em>Papers di Diritto europeo<\/em><\/strong>, edita dal Centro di documentazione europea dell\u2019Ateneo di Verona, \u00e8 prevista tra le attivit\u00e0 scientifiche del progetto Univr Fashion Week, con l&#8217;obiettivo di implementare il valore accademico del progetto.<\/p>\n<p style=\"text-align: justify;\">Sono stati raccolti i contributi, in lingua italiana o inglese, di alcuni professori ed esperti che hanno collaborato alla realizzazione della Summer School. Gli articoli approfondiscono i temi affrontati e permettono la promozione e la diffusione dei risultati del progetto in un contesto pi\u00f9 ampio.<\/p>\n<p style=\"text-align: justify;\">I due numeri dell\u2019edizione speciale si compongono ciascuno di due parti, \u00abLectures\u00bb e \u00abWorkshops\u00bb. La prima raccoglie gli articoli redatti dai membri del personale docente della Summer School, mentre la seconda \u00e8 dedicata ai brevi interventi dei professionisti che operano nel settore della moda.<\/p>\n<p>[\/vc_column_text][\/vc_column][\/vc_row][vc_row][vc_column][vc_empty_space][\/vc_column][\/vc_row][vc_row][vc_column]<div class=\"section-title  text-center\" ><h4>Aspettando l\u2019inizio del secondo anno del Progetto<\/h4> <\/div>[vc_column_text]<\/p>\n<p style=\"text-align: justify;\"><a href=\"https:\/\/sites.les.univr.it\/www.univrfashionweek.it\/wp-content\/uploads\/DSC04018.jpg\"><img loading=\"lazy\" decoding=\"async\" class=\" wp-image-501 alignright\" src=\"https:\/\/sites.les.univr.it\/www.univrfashionweek.it\/wp-content\/uploads\/DSC04018-300x225.jpg\" alt=\"\" width=\"344\" height=\"258\" srcset=\"https:\/\/sites.les.univr.it\/fashion\/wp-content\/uploads\/DSC04018-300x225.jpg 300w, https:\/\/sites.les.univr.it\/fashion\/wp-content\/uploads\/DSC04018-768x576.jpg 768w, https:\/\/sites.les.univr.it\/fashion\/wp-content\/uploads\/DSC04018-1024x768.jpg 1024w, https:\/\/sites.les.univr.it\/fashion\/wp-content\/uploads\/DSC04018-600x450.jpg 600w\" sizes=\"auto, (max-width: 344px) 100vw, 344px\" \/><\/a>Il Progetto Univr Fashion Week \u00e8 triennale e dal <strong>1\u00b0 settembre 2016<\/strong> avr\u00e0 inizio il secondo anno di questo Modulo Jean Monnet.<\/p>\n<p style=\"text-align: justify;\">Grazie alle attivit\u00e0 svolte durante la prima edizione di UnivrFW, e in particolare agli eventi organizzati, ovvero la conferenza del 18 marzo 2016 e la Summer School di giugno 2016, nuove idee e nuovi temi saranno inclusi nella prossima edizione 2017.<\/p>\n<p style=\"text-align: justify;\">Il Project Team valuter\u00e0 attentamente come strutturare la futura conferenza di presentazione e il futuro corso, prendendo in considerazione tutti i feedback ricevuti e raccolti con i questionari di valutazione. Il fine \u00e8 la realizzazione di una formazione professionale su diversi aspetti dell\u2019industria della moda nell\u2019Unione europea che permetta di offrire specifiche competenze a sostegno dello sviluppo imprenditoriale nel nostro territorio.<\/p>\n<p>Ogni consiglio e proposta sono ben accetti!<\/p>\n<p>Si ringrazia per l\u2019attenzione e buone vacanze a tutti![\/vc_column_text][\/vc_column][\/vc_row]<\/p>\n","protected":false},"excerpt":{"rendered":"<p>[vc_row][vc_column][vc_column_text] Torniamo con un nuovo numero per illustrare l\u2019evento principale organizzato nell\u2019ambito del Progetto Univr Fashion Week: la Summer School sull\u2019industria della moda nell\u2019Unione europea. Hanno fatto seguito ulteriori attivit\u00e0&hellip;<\/p>\n","protected":false},"author":4,"featured_media":412,"comment_status":"closed","ping_status":"closed","sticky":false,"template":"","format":"standard","meta":{"footnotes":""},"categories":[20],"tags":[21],"class_list":["post-497","post","type-post","status-publish","format-standard","has-post-thumbnail","hentry","category-newsletter-2016","tag-newsletter"],"_links":{"self":[{"href":"https:\/\/sites.les.univr.it\/fashion\/index.php\/wp-json\/wp\/v2\/posts\/497","targetHints":{"allow":["GET"]}}],"collection":[{"href":"https:\/\/sites.les.univr.it\/fashion\/index.php\/wp-json\/wp\/v2\/posts"}],"about":[{"href":"https:\/\/sites.les.univr.it\/fashion\/index.php\/wp-json\/wp\/v2\/types\/post"}],"author":[{"embeddable":true,"href":"https:\/\/sites.les.univr.it\/fashion\/index.php\/wp-json\/wp\/v2\/users\/4"}],"replies":[{"embeddable":true,"href":"https:\/\/sites.les.univr.it\/fashion\/index.php\/wp-json\/wp\/v2\/comments?post=497"}],"version-history":[{"count":3,"href":"https:\/\/sites.les.univr.it\/fashion\/index.php\/wp-json\/wp\/v2\/posts\/497\/revisions"}],"predecessor-version":[{"id":1726,"href":"https:\/\/sites.les.univr.it\/fashion\/index.php\/wp-json\/wp\/v2\/posts\/497\/revisions\/1726"}],"wp:featuredmedia":[{"embeddable":true,"href":"https:\/\/sites.les.univr.it\/fashion\/index.php\/wp-json\/wp\/v2\/media\/412"}],"wp:attachment":[{"href":"https:\/\/sites.les.univr.it\/fashion\/index.php\/wp-json\/wp\/v2\/media?parent=497"}],"wp:term":[{"taxonomy":"category","embeddable":true,"href":"https:\/\/sites.les.univr.it\/fashion\/index.php\/wp-json\/wp\/v2\/categories?post=497"},{"taxonomy":"post_tag","embeddable":true,"href":"https:\/\/sites.les.univr.it\/fashion\/index.php\/wp-json\/wp\/v2\/tags?post=497"}],"curies":[{"name":"wp","href":"https:\/\/api.w.org\/{rel}","templated":true}]}}