{"id":489,"date":"2017-02-14T00:29:33","date_gmt":"2017-02-13T23:29:33","guid":{"rendered":"http:\/\/sites.les.univr.it\/www.univrfashionweek.it\/?p=489"},"modified":"2017-02-14T01:00:37","modified_gmt":"2017-02-14T00:00:37","slug":"newsletter-20162","status":"publish","type":"post","link":"https:\/\/sites.les.univr.it\/fashion\/index.php\/newsletter-20162\/","title":{"rendered":"Newsletter 2016\/2"},"content":{"rendered":"<p>[vc_row][vc_column]<div class=\"section-title  text-center\" ><h4>Ai lettori<\/h4> <\/div>[vc_column_text]<\/p>\n<p style=\"text-align: justify;\">Dopo la pubblicazione del primo numero, la Newsletter \u201cUnivr Fashion Week\u201d torna con un bilancio delle attivit\u00e0 di questi mesi iniziali del progetto, tra cui in particolare la Conferenza di presentazione del 18 marzo scorso, e con il lancio di una rubrica di approfondimento sui protagonisti dell\u2019industria della moda intervenuti nel corso di tale iniziativa.<\/p>\n<p style=\"text-align: justify;\">In vista della Summer School di giugno, inoltre, sono fornite alcune indicazioni di utilit\u00e0 pratica ai fini dell\u2019iscrizione.<\/p>\n<p style=\"text-align: justify;\">Ricordiamo di fare riferimento al sito https:\/\/europa.univr.it\/univrfw per reperire tutte le informazioni riguardo il progetto e di seguire le pagine social (Univr FashionWeek su Facebook e @UnivrFW su Twitter) per notizie, foto e aggiornamenti.<\/p>\n<p>Buona lettura!<br \/>\nIl Project Team[\/vc_column_text][\/vc_column][\/vc_row][vc_row][vc_column][vc_empty_space][\/vc_column][\/vc_row][vc_row][vc_column width=&#8221;1\/2&#8243;][vc_column_text]<\/p>\n<p style=\"text-align: justify;\">La Conferenza di presentazione del progetto tenutasi il 18 marzo scorso presso il Dipartimento di Scienze giuridiche ha riscontrato <strong>notevole successo<\/strong> ed \u00e8 stata positivamente valutata. <strong>Numeroso e differenziato il pubblico<\/strong> presente in sala: avvocati e praticanti, giornalisti, docenti, studenti universitari e dottorandi, nonch\u00e9 esperti e professionisti dell\u2019industria della moda.<\/p>\n<p style=\"text-align: justify;\">L\u2019evento era strutturato in <strong>due sessioni<\/strong>, cui hanno fatto seguito gli interventi programmati di alcuni docenti della Summer School. Si \u00e8 avuto modo di fornire una panoramica delle molteplici prospettive legate al settore della moda: non solo <strong>temi giuridici ed economici<\/strong>, che costituiscono il filo conduttore di tutto il progetto Univr Fashion Week, ma anche approfondimenti legati all\u2019<strong>evoluzione storica<\/strong> della moda italiana, alla creazione di una linea di moda, all\u2019importanza dell\u2019innovazione per la<strong> competitivit\u00e0<\/strong> delle industrie e al ruolo dell\u2019<strong>e-commerce<\/strong>.<\/p>\n<p style=\"text-align: justify;\">La Conferenza ha favorito lo sviluppo di <strong>nuove sinergie e collaborazioni<\/strong> tra il Project Team e le realt\u00e0 imprenditoriali e professionali operanti nel mondo della moda. In tal modo, le prossime attivit\u00e0 realizzate nell\u2019ambito del progetto potranno dar luogo a un\u2019efficace interazione tra la formazione accademica e la specializzazione professionale.<\/p>\n<p>[\/vc_column_text][\/vc_column][vc_column width=&#8221;1\/2&#8243;]<div class=\"section-title  text-center\" ><h4>La Conferenza di presentazione: risultati<\/h4> <p><\/p>\n<p>&nbsp;<\/p>\n<p><a href=\"https:\/\/sites.les.univr.it\/www.univrfashionweek.it\/wp-content\/uploads\/thumb_IMG_3306_1024.jpg\"><img loading=\"lazy\" decoding=\"async\" class=\"alignnone size-medium wp-image-492\" src=\"https:\/\/sites.les.univr.it\/www.univrfashionweek.it\/wp-content\/uploads\/thumb_IMG_3306_1024-300x225.jpg\" alt=\"\" width=\"300\" height=\"225\" srcset=\"https:\/\/sites.les.univr.it\/fashion\/wp-content\/uploads\/thumb_IMG_3306_1024-300x225.jpg 300w, https:\/\/sites.les.univr.it\/fashion\/wp-content\/uploads\/thumb_IMG_3306_1024-768x576.jpg 768w, https:\/\/sites.les.univr.it\/fashion\/wp-content\/uploads\/thumb_IMG_3306_1024.jpg 1024w, https:\/\/sites.les.univr.it\/fashion\/wp-content\/uploads\/thumb_IMG_3306_1024-600x450.jpg 600w\" sizes=\"auto, (max-width: 300px) 100vw, 300px\" \/><\/a><\/p><\/div>[\/vc_column][\/vc_row][vc_row][vc_column][vc_empty_space][\/vc_column][\/vc_row][vc_row][vc_column width=&#8221;1\/2&#8243;]<div class=\"section-title  text-center\" ><h4>...per approfondire<\/h4> <\/div>[vc_column_text]<\/p>\n<p style=\"text-align: justify;\">Prima della Conferenza, la professoressa <strong>Maria Caterina Baruffi<\/strong>, <em>Academic Coordinator<\/em> del progetto \u201cUnivr Fashion Week\u201d, ha rilasciato un\u2019<strong>intervista<\/strong> per l\u2019Ufficio stampa di Ateneo. \u00c8 stato dato risalto a come finalit\u00e0 dell\u2019iniziativa sia quella di fornire una formazione giuridicoeconomica per i futuri professionisti dell\u2019industria della moda. Il finanziamento del progetto come Modulo Jean Monnet da parte della Commissione europea testimonia inoltre la rilevanza di questo settore per il mercato interno dell\u2019Unione europea. L\u2019intervista completa \u00e8 reperibile su YouTube a questo <a href=\"https:\/\/www.youtube.com\/watch?v=szAACoYnWf4&amp;feature=youtu.be\">link<\/a>.<\/p>\n<p>[\/vc_column_text][\/vc_column][vc_column width=&#8221;1\/2&#8243;][vc_column_text]<\/p>\n<p style=\"text-align: justify;\">Per favorire una maggiore diffusione dell\u2019iniziativa e dei suoi contenuti il sito del progetto raccoglie alcune tra le <strong>presentazioni<\/strong> proiettate dai relatori a supporto dei rispettivi interventi, nonch\u00e9 brevi <strong>relazioni<\/strong> sui temi trattati nel corso della Conferenza.<\/p>\n<p>[\/vc_column_text][\/vc_column][\/vc_row][vc_row][vc_column][vc_empty_space][\/vc_column][\/vc_row][vc_row][vc_column]<div class=\"section-title  text-center\" ><h4>An insider's view: la designer veronese Patrizia Prencipe<\/h4> <\/div>[vc_column_text]<\/p>\n<p style=\"text-align: justify;\"><a href=\"https:\/\/sites.les.univr.it\/www.univrfashionweek.it\/wp-content\/uploads\/Prencipe-1-1.jpg\"><img loading=\"lazy\" decoding=\"async\" class=\"alignright wp-image-494\" src=\"https:\/\/sites.les.univr.it\/www.univrfashionweek.it\/wp-content\/uploads\/Prencipe-1-1-300x225.jpg\" width=\"339\" height=\"255\" srcset=\"https:\/\/sites.les.univr.it\/fashion\/wp-content\/uploads\/Prencipe-1-1-300x225.jpg 300w, https:\/\/sites.les.univr.it\/fashion\/wp-content\/uploads\/Prencipe-1-1-768x576.jpg 768w, https:\/\/sites.les.univr.it\/fashion\/wp-content\/uploads\/Prencipe-1-1.jpg 1024w, https:\/\/sites.les.univr.it\/fashion\/wp-content\/uploads\/Prencipe-1-1-600x450.jpg 600w\" sizes=\"auto, (max-width: 339px) 100vw, 339px\" \/><\/a>L\u2019industria della moda narrata direttamente dalla voce dei suoi <strong>protagonisti<\/strong>: \u00e8 quanto si propone questa rubrica di approfondimento pensata per far conoscere alcune tra le diverse realt\u00e0 imprenditoriali e professionali alla base di questo settore di eccellenza italiana. Prima protagonista di questa rubrica \u00e8 <strong>Patrizia Prencipe<\/strong>, stilista di Verona, membro del Teaching Staff della Summer School \u201cUnivr Fashion Week\u201d come responsabile di un workshop sulle tendenze moda e che \u00e8 stata ospite alla Conferenza di presentazione del progetto. In quell\u2019occasione, l\u2019Ufficio stampa di Ateneo le aveva rivolto alcune domande, raccolte in un breve video, che hanno dato lo spunto per questa intervista, realizzata dal Project Team presso il negozio della designer per proseguire nella scoperta del suo percorso professionale, nonch\u00e9 delle sue esperienze di insegnamento e di formazione.<\/p>\n<p style=\"text-align: justify;\"><span style=\"color: #800080;\">Come ha trasformato la passione per la moda nella Sua professione di designer? Quali sono state le esperienze che hanno caratterizzato la Sua formazione?<\/span><\/p>\n<p style=\"text-align: justify;\">Ho sempre desiderato lavorare nell\u2019industria della moda e tutta la mia formazione \u00e8 stata orientata in questo senso. Frequentando il Liceo classico europeo a Verona, ho avuto la possibilit\u00e0 di costruirmi una preparazione completa e ampia, seguita poi dalla specializzazione grazie alla laurea, ottenuta nel 2007, in Cultura e Tecnologia della Moda all\u2019Universit\u00e0 di Padova. Nonostante fossero anni in cui l\u2019effetto della crisi economica nel settore era forte, non mi sono fatta influenzare da questo pessimismo e ho continuato a inviare curricula per iniziare la mia esperienza con uno stage in un\u2019azienda di moda. Benetton ha quindi creduto in me: ho lavorato a Treviso presso l\u2019ufficio stile, dove ho avuto modo di conoscere e apprendere fino alla parte di modellistica, ma non anche quella di confezione del prodotto. La successiva esperienza, di due anni, \u00e8 stata presso un\u2019azienda in Pakistan: l\u00ec, invece, ho vissuto in prima persona la realt\u00e0 di una fabbrica totalmente verticalizzata, in cui ho potuto vedere tutti i passaggi del prodotto, dall\u2019acquisto delle materie prime, alla creazione del modello, fino alla linea di produzione. Questo tipo di formazione mi ha cambiato molto e ha costituito un completamento di quella avuta in precedenza in Benetton. Infatti, quello di fare esperienze sia in una piccola sia in una grande azienda \u00e8 un consiglio che d\u00f2 spesso a chi inizia una carriera in questo settore, perch\u00e9 \u00e8 importante avere conoscenza di entrambe le realt\u00e0.<\/p>\n<p style=\"text-align: justify;\"><span style=\"color: #800080;\"><a href=\"https:\/\/sites.les.univr.it\/www.univrfashionweek.it\/wp-content\/uploads\/Prencipe-2.jpg\"><img loading=\"lazy\" decoding=\"async\" class=\" wp-image-493 alignleft\" src=\"https:\/\/sites.les.univr.it\/www.univrfashionweek.it\/wp-content\/uploads\/Prencipe-2-225x300.jpg\" alt=\"\" width=\"218\" height=\"291\" srcset=\"https:\/\/sites.les.univr.it\/fashion\/wp-content\/uploads\/Prencipe-2-225x300.jpg 225w, https:\/\/sites.les.univr.it\/fashion\/wp-content\/uploads\/Prencipe-2.jpg 768w, https:\/\/sites.les.univr.it\/fashion\/wp-content\/uploads\/Prencipe-2-600x800.jpg 600w\" sizes=\"auto, (max-width: 218px) 100vw, 218px\" \/><\/a>E com\u2019\u00e8 avvenuto il passaggio successivo, con la creazione del Suo marchio e della Sua linea di moda?<\/span><\/p>\n<p style=\"text-align: justify;\">Dopo essere tornata dal Pakistan, ho deciso di aprire il mio studio stilistico a Verona. Mi ero gi\u00e0 creata un bagaglio professionale che mi permetteva questo, e anche un \u201cpacchetto clienti\u201d. Grazie all\u2019esperienza in Pakistan avevo conosciuto altri imprenditori nel settore e mi ero fatta conoscere io stessa. Mi ero resa conto, tuttavia, che la situazione all\u2019interno delle imprese pakistane era critica: c\u2019erano scioperi, tensioni, proteste, che mi hanno molto scossa. Quindi, la mia decisione \u00e8 stata di continuare le mie consulenze stilistiche, ma, al contempo, lanciare anche la mia linea di moda etica, totalmente made in Italy. Le mie borse, ad esempio, sono pezzi unici: mi rivolgo ad artigiani che conosco personalmente; compro io i pellami, solo da concerie che vado a visitare. Il passaggio successivo \u00e8 stato l\u2019apertura del mio negozio, nel quale ho anche lo studio stilistico, dove posso sviluppare la mia creativit\u00e0. Poi \u00e8 iniziata la collaborazione con un\u2019azienda di abbigliamento di Verona, Qvinqve, con la quale ho una grande affiatamento e che mi ha dato la possibilit\u00e0 di acquisire ulteriore esperienza anche in questo ambito.<\/p>\n<p style=\"text-align: justify;\"><span style=\"color: #800080;\">Oltre alla Sua attivit\u00e0 professionale, Lei \u00e8 molto impegnata anche nell\u2019insegnamento. Ce ne pu\u00f2 parlare?<\/span><\/p>\n<p style=\"text-align: justify;\">Ho iniziato ad insegnare in Fashion Ground, a Verona, poi ho ripreso con questa attivit\u00e0 quando sono tornata dal Pakistan. Mi ha contattata ModaPelle Academy di Milano, principalmente per le missioni all\u2019estero, tra cui quella in Iran per le Nazioni Unite, che prosegue anche oggi. L\u2019obiettivo \u00e8 formare i clusters sul modello del made in Italy: io di solito insegno per una quindicina di giorni, formando i fashion designers, poi ci sono altri docenti per aspetti tecnici, ad esempio la realizzazione della calzatura. Un\u2019altra attivit\u00e0 di formazione che sto svolgendo per ModaPelle Academy \u00e8 il training per i docenti delle Universit\u00e0 straniere: qui effettuo due tipi di corsi, uno sui trend e l\u2019altro sulle modalit\u00e0 di ricerca delle tendenze. Sono inoltre ambasciatrice dell\u2019accademia in convegni che si tengono all\u2019estero, sempre relativamente alla presentazione delle tendenze. Infine, sono docente di Design della borsa e della calzatura in un corso biennale post-diploma presso l\u2019ITS Machina Lonati, a Brescia. L\u2019attivit\u00e0 di insegnamento mi piace molto, perch\u00e9 trovo interessante e stimolante confrontarmi, anche da un punto di vista umano, con i giovani e con le loro idee fresche.<\/p>\n<p>[\/vc_column_text][\/vc_column][\/vc_row][vc_row][vc_column][vc_empty_space][\/vc_column][\/vc_row][vc_row][vc_column]<div class=\"section-title  text-center\" ><h4>Verso la Summer School...<\/h4> <\/div>[vc_column_text]<strong>A CHI<\/strong><\/p>\n<p>laureati e giovani professionisti in discipline giuridiche ed economiche<\/p>\n<p>avvocati e praticanti<\/p>\n<p>studenti dell\u2019ultimo anno delle lauree magistrali in discipline giuridiche ed economiche<\/p>\n<p><strong>DOVE:<\/strong><\/p>\n<p>Universit\u00e0 degli Studi di Verona, Dipartimento di Scienze giuridiche<\/p>\n<p>Via Carlo Montanari 9, 37122 \u2013 Verona<\/p>\n<p><strong>COME:<\/strong><\/p>\n<p>iscrizioni entro il 15 GIUGNO 2016 via mail a <a href=\"mailto:UnivrFW@ateneo.univr.it\">UnivrFW@ateneo.univr.it<\/a> allegando la domanda di ammissione compilata, il CV in formato europeo e la copia di un documento d\u2019identit\u00e0<\/p>\n<p><strong>ACCREDITAMENTI:<\/strong><\/p>\n<p>Ordine degli Avvocati di Verona (20 cf per la partecipazione ad almeno l\u201980{a14a5fb528fe56ca25149d65a85f27027fc08aee43dd8ba19daa5f9e2276d995} delle lezioni)<\/p>\n<p>Scuola di Dottorato in Scienze giuridiche ed economiche dell\u2019Universit\u00e0 degli Studi di Verona (1 cfu ogni 8 ore di lezione)<\/p>\n<p>[\/vc_column_text][\/vc_column][\/vc_row]<\/p>\n","protected":false},"excerpt":{"rendered":"<p>[vc_row][vc_column][vc_column_text] Dopo la pubblicazione del primo numero, la Newsletter \u201cUnivr Fashion Week\u201d torna con un bilancio delle attivit\u00e0 di questi mesi iniziali del progetto, tra cui in particolare la Conferenza&hellip;<\/p>\n","protected":false},"author":4,"featured_media":412,"comment_status":"closed","ping_status":"closed","sticky":false,"template":"","format":"standard","meta":{"footnotes":""},"categories":[20],"tags":[21],"class_list":["post-489","post","type-post","status-publish","format-standard","has-post-thumbnail","hentry","category-newsletter-2016","tag-newsletter"],"_links":{"self":[{"href":"https:\/\/sites.les.univr.it\/fashion\/index.php\/wp-json\/wp\/v2\/posts\/489","targetHints":{"allow":["GET"]}}],"collection":[{"href":"https:\/\/sites.les.univr.it\/fashion\/index.php\/wp-json\/wp\/v2\/posts"}],"about":[{"href":"https:\/\/sites.les.univr.it\/fashion\/index.php\/wp-json\/wp\/v2\/types\/post"}],"author":[{"embeddable":true,"href":"https:\/\/sites.les.univr.it\/fashion\/index.php\/wp-json\/wp\/v2\/users\/4"}],"replies":[{"embeddable":true,"href":"https:\/\/sites.les.univr.it\/fashion\/index.php\/wp-json\/wp\/v2\/comments?post=489"}],"version-history":[{"count":4,"href":"https:\/\/sites.les.univr.it\/fashion\/index.php\/wp-json\/wp\/v2\/posts\/489\/revisions"}],"predecessor-version":[{"id":496,"href":"https:\/\/sites.les.univr.it\/fashion\/index.php\/wp-json\/wp\/v2\/posts\/489\/revisions\/496"}],"wp:featuredmedia":[{"embeddable":true,"href":"https:\/\/sites.les.univr.it\/fashion\/index.php\/wp-json\/wp\/v2\/media\/412"}],"wp:attachment":[{"href":"https:\/\/sites.les.univr.it\/fashion\/index.php\/wp-json\/wp\/v2\/media?parent=489"}],"wp:term":[{"taxonomy":"category","embeddable":true,"href":"https:\/\/sites.les.univr.it\/fashion\/index.php\/wp-json\/wp\/v2\/categories?post=489"},{"taxonomy":"post_tag","embeddable":true,"href":"https:\/\/sites.les.univr.it\/fashion\/index.php\/wp-json\/wp\/v2\/tags?post=489"}],"curies":[{"name":"wp","href":"https:\/\/api.w.org\/{rel}","templated":true}]}}