{"id":487,"date":"2017-02-14T00:29:50","date_gmt":"2017-02-13T23:29:50","guid":{"rendered":"http:\/\/sites.les.univr.it\/www.univrfashionweek.it\/?p=487"},"modified":"2017-02-14T00:59:42","modified_gmt":"2017-02-13T23:59:42","slug":"newsletter-20161","status":"publish","type":"post","link":"https:\/\/sites.les.univr.it\/fashion\/index.php\/newsletter-20161\/","title":{"rendered":"Newsletter 2016\/1"},"content":{"rendered":"<p>[vc_row][vc_column width=&#8221;1\/2&#8243;]<div class=\"section-title  text-center\" ><h4>Il progetto Univr Fashion Week si presenta...<\/h4> <p><\/p>\n<p>&nbsp;<\/p>\n<p><a href=\"https:\/\/sites.les.univr.it\/www.univrfashionweek.it\/wp-content\/uploads\/Logo-UnivrFW-2016.jpg\"><img loading=\"lazy\" decoding=\"async\" class=\"alignnone size-medium wp-image-463\" src=\"https:\/\/sites.les.univr.it\/www.univrfashionweek.it\/wp-content\/uploads\/Logo-UnivrFW-2016-300x160.jpg\" alt=\"\" width=\"300\" height=\"160\" srcset=\"https:\/\/sites.les.univr.it\/fashion\/wp-content\/uploads\/Logo-UnivrFW-2016-300x160.jpg 300w, https:\/\/sites.les.univr.it\/fashion\/wp-content\/uploads\/Logo-UnivrFW-2016-768x409.jpg 768w, https:\/\/sites.les.univr.it\/fashion\/wp-content\/uploads\/Logo-UnivrFW-2016-1024x545.jpg 1024w, https:\/\/sites.les.univr.it\/fashion\/wp-content\/uploads\/Logo-UnivrFW-2016-600x320.jpg 600w\" sizes=\"auto, (max-width: 300px) 100vw, 300px\" \/><\/a><\/p><\/div>[\/vc_column][vc_column width=&#8221;1\/2&#8243;][vc_column_text]<\/p>\n<p style=\"text-align: justify;\">Il progetto \u201c<strong>Univr Fashion Week<\/strong>\u201d \u00e8 co-finanziato dell\u2019Unione europea come <strong>Modulo Jean Monnet 2015-2018<\/strong> nell\u2019ambito del Programma Erasmus+ in quanto rientrante tra gli obiettivi dell\u2019Unione europea. Il progetto prevede la realizzazione di una Summer School sull\u2019industria della moda nell\u2019Unione europea da un punto di vista prevalentemente economico e giuridico, integrata da attivit\u00e0 scientifiche di approfondimento, quali conferenze, open access papers e policy brief.<\/p>\n<p style=\"text-align: justify;\">Il progetto mira a stimolare e a facilitare l\u2019interazione tra la formazione accademica e la realt\u00e0 imprenditoriale. Responsabile, in qualit\u00e0 di Academic Coordinator, \u00e8 Maria Caterina Baruffi, professore ordinario di Diritto internazionale dell\u2019Universit\u00e0 di Verona, coadiuvata dalle dott.sse Caterina Fratea (Module Leader) e Isolde Quadranti, responsabile del Centro di documentazione europea di Verona, con la collaborazione delle dott.sse Diletta Danieli (Tutor Summer School) e Cinzia Peraro.<\/p>\n<p>[\/vc_column_text][\/vc_column][\/vc_row][vc_row][vc_column][vc_empty_space][\/vc_column][\/vc_row][vc_row][vc_column width=&#8221;1\/2&#8243;][vc_column_text]<\/p>\n<p style=\"text-align: justify;\"><strong>Docenti universitari<\/strong>, <strong>professionisti<\/strong> nel settore della moda,<strong> esperti<\/strong> di innovazione e consulenza manageriale forniranno un quadro d\u2019insieme delle principali sfide che l\u2019industria della moda italiana ed europea si trova oggi ad affrontare all\u2019interno del mercato globale.<\/p>\n<p style=\"text-align: justify;\">La discussione \u00e8 servita per raccogliere spunti utili su argomenti che sono stati poi approfonditi e sviluppati nell\u2019ambito della Summer School, presentata nel corso di questo evento, e delle attivit\u00e0 scientifiche ad essa correlate. La conferenza era strutturata in <strong>due sessioni<\/strong>: la prima (h. 10.30-13) dedicata a immagine, innovazione e prospettive di consulenza commercialistica del settore della moda; la seconda (h. 14.30-17) relativa alle prospettive storiche e di consulenza legale. Parteciperanno con interventi programmati anche i docenti della Summer School.<\/p>\n<p style=\"text-align: justify;\">La conferenza era<strong> aperta<\/strong> al pubblico interessato ed \u00e8 stata<strong> accreditata<\/strong> dall&#8217;Ordine degli Avvocati di Verona, dall\u2019Ordine dei Giornalisti Consiglio Regionale del Veneto, dalla Scuola di Dottorato in Scienze giuridiche ed economiche e dai Collegi didattici di Giurisprudenza, Lingue e Letterature e Scienze della comunicazione dell&#8217;Universit\u00e0 degli Studi di Verona.<\/p>\n<p>[\/vc_column_text][\/vc_column][vc_column width=&#8221;1\/2&#8243;]<div class=\"section-title  text-center\" ><h4>Conferenza 18 marzo 2016<\/h4> <p><\/p>\n<h2>\u00a0&#8220;L&#8217;industria della moda nell&#8217;Unione europea&#8221;<\/h2>\n<p>&nbsp;<\/p>\n<p>&nbsp;<\/p>\n<p><a href=\"https:\/\/sites.les.univr.it\/www.univrfashionweek.it\/wp-content\/uploads\/alba-arena-verona-piazza-bra-2-everglow.jpg\"><img loading=\"lazy\" decoding=\"async\" class=\"alignnone size-medium wp-image-460\" src=\"https:\/\/sites.les.univr.it\/www.univrfashionweek.it\/wp-content\/uploads\/alba-arena-verona-piazza-bra-2-everglow-300x207.jpg\" alt=\"\" width=\"300\" height=\"207\" srcset=\"https:\/\/sites.les.univr.it\/fashion\/wp-content\/uploads\/alba-arena-verona-piazza-bra-2-everglow-300x207.jpg 300w, https:\/\/sites.les.univr.it\/fashion\/wp-content\/uploads\/alba-arena-verona-piazza-bra-2-everglow-768x530.jpg 768w, https:\/\/sites.les.univr.it\/fashion\/wp-content\/uploads\/alba-arena-verona-piazza-bra-2-everglow-1024x707.jpg 1024w, https:\/\/sites.les.univr.it\/fashion\/wp-content\/uploads\/alba-arena-verona-piazza-bra-2-everglow-600x414.jpg 600w, https:\/\/sites.les.univr.it\/fashion\/wp-content\/uploads\/alba-arena-verona-piazza-bra-2-everglow.jpg 1095w\" sizes=\"auto, (max-width: 300px) 100vw, 300px\" \/><\/a><\/p><\/div>[\/vc_column][\/vc_row][vc_row][vc_column][vc_empty_space][\/vc_column][\/vc_row][vc_row][vc_column width=&#8221;1\/2&#8243;]<div class=\"section-title  text-center\" ><h4>Summer School 20-25 giugno 2016<\/h4> <p><\/p>\n<p>&nbsp;<\/p>\n<p><a href=\"https:\/\/sites.les.univr.it\/www.univrfashionweek.it\/wp-content\/uploads\/1405_foto.jpg\"><img loading=\"lazy\" decoding=\"async\" class=\"alignnone size-medium wp-image-455\" src=\"https:\/\/sites.les.univr.it\/www.univrfashionweek.it\/wp-content\/uploads\/1405_foto-300x225.jpg\" alt=\"\" width=\"300\" height=\"225\" srcset=\"https:\/\/sites.les.univr.it\/fashion\/wp-content\/uploads\/1405_foto-300x225.jpg 300w, https:\/\/sites.les.univr.it\/fashion\/wp-content\/uploads\/1405_foto.jpg 600w\" sizes=\"auto, (max-width: 300px) 100vw, 300px\" \/><\/a><\/p><\/div>[\/vc_column][vc_column width=&#8221;1\/2&#8243;][vc_column_text]<\/p>\n<p style=\"text-align: justify;\">La <strong>Summer School<\/strong> \u00e8 finalizzata ad un approfondimento, sotto un profilo europeo e internazionale, di temi di interesse per il settore della moda, quali propriet\u00e0 intellettuale, \u201cmade in\u201d, diritto della concorrenza, contrattualistica, responsabilit\u00e0 sociale d\u2019impresa, finanziamenti e management.<\/p>\n<p style=\"text-align: justify;\">Il corso \u00e8 rivolto a neolaureati e giovani professionisti in discipline giuridiche ed economiche, avvocati, studenti dell\u2019ultimo anno delle lauree magistrali in discipline giuridiche ed economiche. Seguendo un approccio multidisciplinare e interattivo, le<strong> lezioni<\/strong> intendono a fornire ai partecipanti competenze spendibili per una attivit\u00e0 professionale nel settore della moda. Le conoscenze acquisite trovano un immediato riscontro dal punto di vista pratico, grazie all\u2019organizzazione di <strong>workshops<\/strong> con qualificati esperti del settore, nonch\u00e9 alla possibilit\u00e0, per alcuni dei partecipanti, di svolgere uno stage presso aziende di moda e societ\u00e0 che ad esse forniscono servizi di consulenza manageriale, fiscale e legale.<\/p>\n<p>[\/vc_column_text][\/vc_column][\/vc_row]<\/p>\n","protected":false},"excerpt":{"rendered":"<p>[vc_row][vc_column width=&#8221;1\/2&#8243;][\/vc_column][vc_column width=&#8221;1\/2&#8243;][vc_column_text] Il progetto \u201cUnivr Fashion Week\u201d \u00e8 co-finanziato dell\u2019Unione europea come Modulo Jean Monnet 2015-2018 nell\u2019ambito del Programma Erasmus+ in quanto rientrante tra gli obiettivi dell\u2019Unione europea. Il&hellip;<\/p>\n","protected":false},"author":4,"featured_media":412,"comment_status":"closed","ping_status":"closed","sticky":false,"template":"","format":"standard","meta":{"footnotes":""},"categories":[20],"tags":[21],"class_list":["post-487","post","type-post","status-publish","format-standard","has-post-thumbnail","hentry","category-newsletter-2016","tag-newsletter"],"_links":{"self":[{"href":"https:\/\/sites.les.univr.it\/fashion\/index.php\/wp-json\/wp\/v2\/posts\/487","targetHints":{"allow":["GET"]}}],"collection":[{"href":"https:\/\/sites.les.univr.it\/fashion\/index.php\/wp-json\/wp\/v2\/posts"}],"about":[{"href":"https:\/\/sites.les.univr.it\/fashion\/index.php\/wp-json\/wp\/v2\/types\/post"}],"author":[{"embeddable":true,"href":"https:\/\/sites.les.univr.it\/fashion\/index.php\/wp-json\/wp\/v2\/users\/4"}],"replies":[{"embeddable":true,"href":"https:\/\/sites.les.univr.it\/fashion\/index.php\/wp-json\/wp\/v2\/comments?post=487"}],"version-history":[{"count":1,"href":"https:\/\/sites.les.univr.it\/fashion\/index.php\/wp-json\/wp\/v2\/posts\/487\/revisions"}],"predecessor-version":[{"id":488,"href":"https:\/\/sites.les.univr.it\/fashion\/index.php\/wp-json\/wp\/v2\/posts\/487\/revisions\/488"}],"wp:featuredmedia":[{"embeddable":true,"href":"https:\/\/sites.les.univr.it\/fashion\/index.php\/wp-json\/wp\/v2\/media\/412"}],"wp:attachment":[{"href":"https:\/\/sites.les.univr.it\/fashion\/index.php\/wp-json\/wp\/v2\/media?parent=487"}],"wp:term":[{"taxonomy":"category","embeddable":true,"href":"https:\/\/sites.les.univr.it\/fashion\/index.php\/wp-json\/wp\/v2\/categories?post=487"},{"taxonomy":"post_tag","embeddable":true,"href":"https:\/\/sites.les.univr.it\/fashion\/index.php\/wp-json\/wp\/v2\/tags?post=487"}],"curies":[{"name":"wp","href":"https:\/\/api.w.org\/{rel}","templated":true}]}}