{"id":1330,"date":"2018-04-27T21:34:27","date_gmt":"2018-04-27T20:34:27","guid":{"rendered":"http:\/\/sites.les.univr.it\/fashion\/?p=1330"},"modified":"2018-04-27T21:38:39","modified_gmt":"2018-04-27T20:38:39","slug":"newsletter-2018-2","status":"publish","type":"post","link":"https:\/\/sites.les.univr.it\/fashion\/index.php\/newsletter-2018-2\/","title":{"rendered":"Newsletter 2018\/2"},"content":{"rendered":"<p>[vc_row][vc_column]<div class=\"section-title  text-center\" ><h4>Ai lettori<\/h4> <\/div>[vc_column_text]Torniamo con alcuni aggiornamenti sul nostro progetto: una notizia sulla conferenza del 2 marzo, un invito a partecipare al workshop di maggio e brevi informazioni sulla prossima Summer School.<\/p>\n<p>Buona lettura![\/vc_column_text][\/vc_column][\/vc_row][vc_row][vc_column][vc_empty_space][\/vc_column][\/vc_row][vc_row][vc_column]<div class=\"section-title  text-center\" ><h4>Conferenza \u201cLa sostenibilit\u00e0 nel mondo della moda: un valore aggiunto?\u201d<\/h4> <\/div>[vc_column_text]<\/p>\n<p style=\"text-align: justify;\"><img loading=\"lazy\" decoding=\"async\" class=\" wp-image-1290 alignleft\" src=\"https:\/\/sites.les.univr.it\/fashion\/wp-content\/uploads\/IMG_8871-300x225.jpg\" alt=\"\" width=\"247\" height=\"185\" srcset=\"https:\/\/sites.les.univr.it\/fashion\/wp-content\/uploads\/IMG_8871-300x225.jpg 300w, https:\/\/sites.les.univr.it\/fashion\/wp-content\/uploads\/IMG_8871-768x576.jpg 768w, https:\/\/sites.les.univr.it\/fashion\/wp-content\/uploads\/IMG_8871.jpg 1024w, https:\/\/sites.les.univr.it\/fashion\/wp-content\/uploads\/IMG_8871-600x450.jpg 600w\" sizes=\"auto, (max-width: 247px) 100vw, 247px\" \/>Come ricorderete, i primi giorni di marzo ha nevicato, ciononostante non sono mancati i partecipanti alla conferenza su \u201c<em>La sostenibilit\u00e0 nel mondo della moda: un valore aggiunto?<\/em>\u201d. Il tema ha suscitato interesse non solo tra gli studiosi, docenti, ricercatori e dottorandi, ma anche tra professionisti, avvocati e giornalisti, nonch\u00e9 operatori nel settore della moda.<\/p>\n<p style=\"text-align: justify;\">Tra i relatori, coordinati dalla dott.ssa <strong>Patrizia Salvaterra<\/strong>, sono intervenuti <strong>Agostina Zwilling<\/strong>, che ha raccontato la sua esperienza di eco-fashion designer per varie aziende di moda, la prof.ssa <strong>Laura Calaf\u00e0<\/strong>, la quale ha riflettuto sulla sostenibilit\u00e0 come valore aggiunto in ambito giuridico, pi\u00f9 in particolare nel diritto del lavoro e la responsabilit\u00e0 sociale d\u2019impresa, il prof. <strong>Claudio Baccarani<\/strong>, che ha ripercorso la \u201cnascita\u201d del termine sostenibilit\u00e0 nel nostro ordinamento<img loading=\"lazy\" decoding=\"async\" class=\" wp-image-1288 alignright\" src=\"https:\/\/sites.les.univr.it\/fashion\/wp-content\/uploads\/IMG_8842-300x225.jpg\" alt=\"\" width=\"244\" height=\"183\" srcset=\"https:\/\/sites.les.univr.it\/fashion\/wp-content\/uploads\/IMG_8842-300x225.jpg 300w, https:\/\/sites.les.univr.it\/fashion\/wp-content\/uploads\/IMG_8842-768x576.jpg 768w, https:\/\/sites.les.univr.it\/fashion\/wp-content\/uploads\/IMG_8842.jpg 1024w, https:\/\/sites.les.univr.it\/fashion\/wp-content\/uploads\/IMG_8842-600x450.jpg 600w\" sizes=\"auto, (max-width: 244px) 100vw, 244px\" \/>, determinando quale sia il suo valore aggiunto nel mondo economico, il dott. <strong>Stefano Miotto<\/strong>, ha declinato il tema sotto l\u2019aspetto dualistico del B2c e B2b, e il dott. <strong>Alessandro Gallesi<\/strong>, il quale ha sottolineato i problemi legati a procedimenti intrapresi dalle grandi aziende con la produzione di certificazioni e protocolli, nonch\u00e9 la necessit\u00e0 di legalit\u00e0 e di rispetto della normativa.<\/p>\n<p style=\"text-align: justify;\">Per l\u2019analisi dei questionari di valutazione della conferenza, leggi il <span style=\"color: #800080;\"><a style=\"color: #800080;\" href=\"https:\/\/sites.les.univr.it\/fashion\/index.php\/report-january-march-2018\/\">Report January \u2013 March 2018<\/a><\/span>.<br \/>\n<span style=\"color: #800080;\"><a style=\"color: #800080;\" href=\"https:\/\/sites.les.univr.it\/fashion\/index.php\/conferenze\/conferenza-2018\/\">Qui<\/a><\/span> trovi le foto della conferenza!<\/p>\n<p>[\/vc_column_text][\/vc_column][\/vc_row][vc_row][vc_column][vc_empty_space][\/vc_column][\/vc_row][vc_row][vc_column]<div class=\"section-title  text-center\" ><h4>Joint Jean Monnet Modules Workshop (10-11 MAGGIO 2018)<\/h4> <\/div>[vc_column_text]<\/p>\n<p style=\"text-align: justify;\"><a href=\"https:\/\/sites.les.univr.it\/fashion\/wp-content\/uploads\/Workshop-10-11-May-2018.pdf\"><img loading=\"lazy\" decoding=\"async\" class=\"alignleft wp-image-1332\" src=\"https:\/\/sites.les.univr.it\/fashion\/wp-content\/uploads\/Workshop-10-11-May-2018-212x300.jpg\" alt=\"\" width=\"256\" height=\"363\" srcset=\"https:\/\/sites.les.univr.it\/fashion\/wp-content\/uploads\/Workshop-10-11-May-2018-212x300.jpg 212w, https:\/\/sites.les.univr.it\/fashion\/wp-content\/uploads\/Workshop-10-11-May-2018-768x1086.jpg 768w, https:\/\/sites.les.univr.it\/fashion\/wp-content\/uploads\/Workshop-10-11-May-2018-724x1024.jpg 724w, https:\/\/sites.les.univr.it\/fashion\/wp-content\/uploads\/Workshop-10-11-May-2018-600x849.jpg 600w\" sizes=\"auto, (max-width: 256px) 100vw, 256px\" \/><\/a>Il Project Team \u201cUnivrFW\u201d ha accettato con molto piacere ed entusiasmo la proposta della prof.ssa Alessandra Silveira dell\u2019Universit\u00e0 di Minho, Braga, Portogallo, di organizzare un workshop congiunto tra i vari moduli Jean Monnet. \u00c8 quindi stato organizzato il \u201c<strong>Joint Jean Monnet Modules Workshop<\/strong>\u201d sul tema \u201c<strong><em>Fashion Industry, Digital World and Competition Law: where does the EU stand?<\/em><\/strong>\u201d, che si terr\u00e0 il 10 maggio (ore 15 \u2013 18) e l\u201911 maggio (ore 11 \u2013 14) presso la Sala d\u2019Ardizzone. \u00c8 aperto a tutti gli interessati.<\/p>\n<p style=\"text-align: justify;\">I moduli \u201cUnivr Fashion Week\u201d, \u201cEuropean Competition Law\u201d e \u201cInterop\u201d sono rispettivamente coordinati da prof.ssa <strong>Maria Caterina Baruffi<\/strong> (UNIVR), prof.ssa <strong>Caterina Fratea<\/strong> (UNIVR) e prof.ssa <strong>Alessandra Silveira<\/strong> (UMINHO). Partecipano le dottoresse <strong>Sophie Perez Fernandes<\/strong>, <strong>Joana Abreu<\/strong>, <strong>Joana Whyte<\/strong>, <strong>Diletta Danieli<\/strong>, <strong>Cinzia Peraro<\/strong>, <strong>Marta Gatti<\/strong> e <strong>Isolde Quadranti<\/strong>, responsabile del Centro di documentazione europea di Verona, in collaborazione con il \u201cCEDU &#8211; <em>Centro de Estudos em Direito da Uni\u00e3o Europeia<\/em>\u201d di Minho.<\/p>\n<p>[\/vc_column_text][\/vc_column][\/vc_row][vc_row][vc_column][vc_empty_space][\/vc_column][\/vc_row][vc_row][vc_column]<div class=\"section-title  text-center\" ><h4>Verso la Summer School 2018<\/h4> <\/div>[vc_column_text]<strong><img loading=\"lazy\" decoding=\"async\" class=\" wp-image-1195 alignright\" src=\"https:\/\/sites.les.univr.it\/fashion\/wp-content\/uploads\/UnivrFW-ss-2018-300x169.png\" alt=\"\" width=\"350\" height=\"197\" srcset=\"https:\/\/sites.les.univr.it\/fashion\/wp-content\/uploads\/UnivrFW-ss-2018-300x169.png 300w, https:\/\/sites.les.univr.it\/fashion\/wp-content\/uploads\/UnivrFW-ss-2018-768x432.png 768w, https:\/\/sites.les.univr.it\/fashion\/wp-content\/uploads\/UnivrFW-ss-2018-600x338.png 600w, https:\/\/sites.les.univr.it\/fashion\/wp-content\/uploads\/UnivrFW-ss-2018.png 960w\" sizes=\"auto, (max-width: 350px) 100vw, 350px\" \/>QUANDO: <\/strong>18-22 giugno 2018<\/p>\n<p>Luned\u00ec \u2013 mercoled\u00ec \u2013 venerd\u00ec: ore 9 \u2013 18<\/p>\n<p>Marted\u00ec \u2013 gioved\u00ec: ore 9 &#8211; 19<\/p>\n<p><strong>A CHI: <\/strong>\u00a0il progetto \u00e8 rivolto a laureati e giovani professionisti in discipline economiche e giuridiche, avvocati e praticanti, studenti dell\u2019ultimo anno in discipline giuridiche ed economiche<\/p>\n<p><strong>DOVE: <\/strong>Universit\u00e0 degli Studi di Verona, Dipartimento di Scienze giuridiche, Via Carlo Montanari 9, 37122- Verona.<\/p>\n<p><strong>COME: <\/strong>iscrizioni entro il 1\u00b0 maggio 2018. Per le modalit\u00e0 consulta <a href=\"https:\/\/sites.les.univr.it\/fashion\/index.php\/iscrizioni-e-accreditamenti\/\"><strong>questa pagina<\/strong><\/a>.<\/p>\n<p><strong>ACCREDITAMENTI: <\/strong>Ordine degli Avvocati di Verona (12 CFU per la partecipazione ad almeno l\u201980{a14a5fb528fe56ca25149d65a85f27027fc08aee43dd8ba19daa5f9e2276d995} delle lezioni) e Scuola di Dottorato in Scienze giuridiche ed economiche dell\u2019Universit\u00e0 di Verona (8 ore 1 cfu).[\/vc_column_text][\/vc_column][\/vc_row][vc_row][vc_column][vc_empty_space][\/vc_column][\/vc_row][vc_row][vc_column]<div class=\"section-title  text-center\" > <\/div>[vc_column_text]<\/p>\n<p style=\"text-align: center;\">Grazie per l&#8217;attenzione!<\/p>\n<p style=\"text-align: center;\">Project Team<\/p>\n<p>[\/vc_column_text][\/vc_column][\/vc_row]<\/p>\n","protected":false},"excerpt":{"rendered":"<p>[vc_row][vc_column][vc_column_text]Torniamo con alcuni aggiornamenti sul nostro progetto: una notizia sulla conferenza del 2 marzo, un invito a partecipare al workshop di maggio e brevi informazioni sulla prossima Summer School. Buona&hellip;<\/p>\n","protected":false},"author":4,"featured_media":412,"comment_status":"closed","ping_status":"closed","sticky":false,"template":"","format":"standard","meta":{"footnotes":""},"categories":[37],"tags":[21,39,3],"class_list":["post-1330","post","type-post","status-publish","format-standard","has-post-thumbnail","hentry","category-newsletter-2018","tag-newsletter","tag-newsletter-2018","tag-univr-fashion-week"],"_links":{"self":[{"href":"https:\/\/sites.les.univr.it\/fashion\/index.php\/wp-json\/wp\/v2\/posts\/1330","targetHints":{"allow":["GET"]}}],"collection":[{"href":"https:\/\/sites.les.univr.it\/fashion\/index.php\/wp-json\/wp\/v2\/posts"}],"about":[{"href":"https:\/\/sites.les.univr.it\/fashion\/index.php\/wp-json\/wp\/v2\/types\/post"}],"author":[{"embeddable":true,"href":"https:\/\/sites.les.univr.it\/fashion\/index.php\/wp-json\/wp\/v2\/users\/4"}],"replies":[{"embeddable":true,"href":"https:\/\/sites.les.univr.it\/fashion\/index.php\/wp-json\/wp\/v2\/comments?post=1330"}],"version-history":[{"count":6,"href":"https:\/\/sites.les.univr.it\/fashion\/index.php\/wp-json\/wp\/v2\/posts\/1330\/revisions"}],"predecessor-version":[{"id":1338,"href":"https:\/\/sites.les.univr.it\/fashion\/index.php\/wp-json\/wp\/v2\/posts\/1330\/revisions\/1338"}],"wp:featuredmedia":[{"embeddable":true,"href":"https:\/\/sites.les.univr.it\/fashion\/index.php\/wp-json\/wp\/v2\/media\/412"}],"wp:attachment":[{"href":"https:\/\/sites.les.univr.it\/fashion\/index.php\/wp-json\/wp\/v2\/media?parent=1330"}],"wp:term":[{"taxonomy":"category","embeddable":true,"href":"https:\/\/sites.les.univr.it\/fashion\/index.php\/wp-json\/wp\/v2\/categories?post=1330"},{"taxonomy":"post_tag","embeddable":true,"href":"https:\/\/sites.les.univr.it\/fashion\/index.php\/wp-json\/wp\/v2\/tags?post=1330"}],"curies":[{"name":"wp","href":"https:\/\/api.w.org\/{rel}","templated":true}]}}