{"id":1173,"date":"2018-02-26T10:04:59","date_gmt":"2018-02-26T09:04:59","guid":{"rendered":"http:\/\/sites.les.univr.it\/fashion\/?p=1173"},"modified":"2018-02-26T10:04:59","modified_gmt":"2018-02-26T09:04:59","slug":"newsletter-2018-1","status":"publish","type":"post","link":"https:\/\/sites.les.univr.it\/fashion\/index.php\/newsletter-2018-1\/","title":{"rendered":"Newsletter 2018\/1"},"content":{"rendered":"<p>[vc_row][vc_column]<div class=\"section-title  text-center\" ><h4>Ai lettori<\/h4> <\/div>[vc_column_text]Torna la Newsletter \u201cUnivr Fashion Week\u201d con il primo numero del 2018, in cui vi presentiamo la conferenza del prossimo 2 marzo e vi aggiorniamo sulle attivit\u00e0 del Progetto, che si sta per concludere.<\/p>\n<p>Buona lettura![\/vc_column_text][\/vc_column][\/vc_row][vc_row][vc_column][vc_empty_space][\/vc_column][\/vc_row][vc_row][vc_column]<div class=\"section-title  text-center\" ><h4>Conferenza \u201cLa sostenibilit\u00e0 nel mondo della moda: un valore aggiunto?\u201d<\/h4> <\/div>[vc_column_text]<\/p>\n<p style=\"text-align: justify;\"><img loading=\"lazy\" decoding=\"async\" class=\"wp-image-1175 aligncenter\" src=\"https:\/\/sites.les.univr.it\/fashion\/wp-content\/uploads\/Sustainability-300x110.png\" alt=\"\" width=\"445\" height=\"163\" srcset=\"https:\/\/sites.les.univr.it\/fashion\/wp-content\/uploads\/Sustainability-300x110.png 300w, https:\/\/sites.les.univr.it\/fashion\/wp-content\/uploads\/Sustainability-768x280.png 768w, https:\/\/sites.les.univr.it\/fashion\/wp-content\/uploads\/Sustainability-600x219.png 600w, https:\/\/sites.les.univr.it\/fashion\/wp-content\/uploads\/Sustainability.png 1000w\" sizes=\"auto, (max-width: 445px) 100vw, 445px\" \/>Dopo la <em>Call for topics<\/em> aperta a ottobre dello scorso anno per raccogliere idee e proposte di argomenti da trattare nella terza conferenza, abbiamo selezionato il tema della <strong>sostenibilit\u00e0<\/strong>.<\/p>\n<p style=\"text-align: justify;\">Cosa \u00e8 la sostenibilit\u00e0? Questa nozione \u00e8 sempre pi\u00f9 di uso comune nella produzione economica, dall\u2019alimentare all\u2019industria della moda, ma non solo. Si parla di sostenibilit\u00e0 anche in relazione alle risorse umane, alla responsabilit\u00e0 sociale dell\u2019impresa, alla fiscalit\u00e0 e nei confronti dei consumatori. Come definire dunque questo concetto? Ne parleremo il prossimo <strong>2 marzo 2018, dalle ore 14.00<\/strong>, con i <strong>relatori<\/strong>, che sono accademici dell\u2019Universit\u00e0 di Verona e professionisti.<\/p>\n<p style=\"text-align: justify;\">Interverranno alla conferenza, introdotta dalla prof.ssa Maria Caterina BARUFFI (Academic Coordinator e Ordinario di Diritto internazionale) e moderata dalla dott.ssa Patrizia SALVATERRA (giornalista ed esperta di comunicazioni), Agostina ZWILLING (Eco-Fashion Designer), prof.ssa Laura CALAF\u00c0 (Ordinario di Diritto del lavoro), dott. Aaron MENEGHIN (Head of Tax di Valentino S.p.A.), prof. Claudio BACCARANI (Ordinario di economia e gestione delle imprese), dott. Stefano MIOTTO (AD Politecnico Calzaturiero Scarl) e dott. Alessandro GALLESI (Presidente A.DI.CI.).<\/p>\n<p style=\"text-align: justify;\">Per tutte le informazioni sulla conferenza 2018, clicca <a href=\"https:\/\/sites.les.univr.it\/fashion\/index.php\/conferenze\/conferenza-2018\/\">qui<\/a>.<\/p>\n<p>[\/vc_column_text][\/vc_column][\/vc_row][vc_row][vc_column][vc_empty_space][\/vc_column][\/vc_row][vc_row][vc_column]<div class=\"section-title  text-center\" ><h4>Verso la fine del triennio\u2026la Summer School Univr Fashion Week e le altre attivit\u00e0<\/h4> <\/div>[vc_column_text]\u201cUnivr Fashion Week\u201d \u00e8 un\u00a0<a href=\"https:\/\/eacea.ec.europa.eu\/erasmus-plus\/actions\/jean-monnet\/jean-monnet-modules_en\">modulo Jean Monnet<\/a>\u00a0dedicato allo studio e alla formazione sul tema dell\u2019industria della moda nell\u2019Unione europea. L\u2019attivit\u00e0 principale \u00e8 l\u2019organizzazione della\u00a0<strong>Summer School<\/strong>, finalizzata ad un approfondimento, sotto un profilo europeo e internazionale, di temi di interesse per il settore della moda, quali propriet\u00e0 intellettuale, marchi, \u201cmade in\u201d, diritto della concorrenza, contrattualistica nel settore della moda, responsabilit\u00e0 sociale d\u2019impresa, finanziamenti e management, seguendo un approccio multidisciplinare e interattivo.<\/p>\n<p style=\"text-align: justify;\">Quando sar\u00e0 la prossima edizione della Summer School?\u00a0<strong>Dal 18 al 22 giugno 2018<\/strong>. L\u2019apertura delle iscrizioni e maggiori informazioni verranno pubblicate a breve.<\/p>\n<p style=\"text-align: justify;\">Al fine di promuovere il progetto e accrescere l\u2019interesse nello studio di questo specifico argomento, sono previste\u00a0<a href=\"https:\/\/sites.les.univr.it\/fashion\/index.php\/attivita-scientifica\/\">altre attivit\u00e0<\/a>: la redazione di\u00a0<strong>newsletter<\/strong>, la pubblicazione di\u00a0<strong>articoli scientifici<\/strong>\u00a0sulla rivista online\u00a0<em>Papers di diritto europeo<\/em>\u00a0da parte dei membri del\u00a0<em>teaching staff<\/em>, la raccolta della\u00a0<strong>bibliografia<\/strong>\u00a0rilevante, nonch\u00e9 la redazione di\u00a0<strong>report<\/strong>\u00a0di monitoraggio dell\u2019attuazione delle attivit\u00e0, al fine di assicurare la qualit\u00e0 del progetto stesso.<\/p>\n<p style=\"text-align: justify;\">Manca poco alla fine del triennio e il Project Team \u00e8 altres\u00ec impegnato ad elaborare un\u00a0<strong>policy brief<\/strong>\u00a0che raccoglie considerazioni, opinioni e suggerimenti utili riguardanti l\u2019industria della moda e gli aspetti rilevanti, affrontati durante le attivit\u00e0 di\u00a0<em>teaching<\/em>\u00a0dei tre anni, ma anche durante gli eventi, conferenze e workshop, nonch\u00e9 sulla base degli articoli scientifici.<\/p>\n<p style=\"text-align: justify;\"><img loading=\"lazy\" decoding=\"async\" class=\" wp-image-1178 aligncenter\" src=\"https:\/\/sites.les.univr.it\/fashion\/wp-content\/uploads\/UnivrFW-chiostro-300x169.png\" alt=\"\" width=\"660\" height=\"372\" srcset=\"https:\/\/sites.les.univr.it\/fashion\/wp-content\/uploads\/UnivrFW-chiostro-300x169.png 300w, https:\/\/sites.les.univr.it\/fashion\/wp-content\/uploads\/UnivrFW-chiostro-1024x575.png 1024w, https:\/\/sites.les.univr.it\/fashion\/wp-content\/uploads\/UnivrFW-chiostro-600x337.png 600w\" sizes=\"auto, (max-width: 660px) 100vw, 660px\" \/><\/p>\n<p>[\/vc_column_text][\/vc_column][\/vc_row][vc_row][vc_column][vc_empty_space][\/vc_column][\/vc_row][vc_row][vc_column]<div class=\"section-title  text-center\" ><h4>Contatti<\/h4> <\/div>[vc_column_text]Il\u00a0<strong>Project Team<\/strong>\u00a0\u00e8 composto da collaboratrici e assistenti della prof.ssa Maria Caterina Baruffi e lavora pressoch\u00e9 stabilmente presso il Centro di documentazione europea del Dipartimento di Scienze giuridiche dell\u2019Universit\u00e0 degli Studi di Verona (Via Carlo Montanari 9 \u2013 37122 Verona). Potete scrivere agli indirizzi e-mail\u00a0<span style=\"color: #800080;\">univrfw@ateneo.univr.it<\/span>\u00a0e\u00a0<span style=\"color: #800080;\">univrfw@gmail.com<\/span>. Potete seguirci anche sulla pagina Facebook\u00a0<span style=\"color: #800080;\">@UnivrFW<\/span>.<\/p>\n<p>&nbsp;<\/p>\n<p>&nbsp;<\/p>\n<p style=\"text-align: center;\">Grazie per l&#8217;attenzione!<\/p>\n<p style=\"text-align: center;\">Project Team<\/p>\n<p>[\/vc_column_text][\/vc_column][\/vc_row]<\/p>\n","protected":false},"excerpt":{"rendered":"<p>[vc_row][vc_column][vc_column_text]Torna la Newsletter \u201cUnivr Fashion Week\u201d con il primo numero del 2018, in cui vi presentiamo la conferenza del prossimo 2 marzo e vi aggiorniamo sulle attivit\u00e0 del Progetto, che&hellip;<\/p>\n","protected":false},"author":4,"featured_media":412,"comment_status":"closed","ping_status":"closed","sticky":false,"template":"","format":"standard","meta":{"footnotes":""},"categories":[37],"tags":[21,39,3],"class_list":["post-1173","post","type-post","status-publish","format-standard","has-post-thumbnail","hentry","category-newsletter-2018","tag-newsletter","tag-newsletter-2018","tag-univr-fashion-week"],"_links":{"self":[{"href":"https:\/\/sites.les.univr.it\/fashion\/index.php\/wp-json\/wp\/v2\/posts\/1173","targetHints":{"allow":["GET"]}}],"collection":[{"href":"https:\/\/sites.les.univr.it\/fashion\/index.php\/wp-json\/wp\/v2\/posts"}],"about":[{"href":"https:\/\/sites.les.univr.it\/fashion\/index.php\/wp-json\/wp\/v2\/types\/post"}],"author":[{"embeddable":true,"href":"https:\/\/sites.les.univr.it\/fashion\/index.php\/wp-json\/wp\/v2\/users\/4"}],"replies":[{"embeddable":true,"href":"https:\/\/sites.les.univr.it\/fashion\/index.php\/wp-json\/wp\/v2\/comments?post=1173"}],"version-history":[{"count":12,"href":"https:\/\/sites.les.univr.it\/fashion\/index.php\/wp-json\/wp\/v2\/posts\/1173\/revisions"}],"predecessor-version":[{"id":1187,"href":"https:\/\/sites.les.univr.it\/fashion\/index.php\/wp-json\/wp\/v2\/posts\/1173\/revisions\/1187"}],"wp:featuredmedia":[{"embeddable":true,"href":"https:\/\/sites.les.univr.it\/fashion\/index.php\/wp-json\/wp\/v2\/media\/412"}],"wp:attachment":[{"href":"https:\/\/sites.les.univr.it\/fashion\/index.php\/wp-json\/wp\/v2\/media?parent=1173"}],"wp:term":[{"taxonomy":"category","embeddable":true,"href":"https:\/\/sites.les.univr.it\/fashion\/index.php\/wp-json\/wp\/v2\/categories?post=1173"},{"taxonomy":"post_tag","embeddable":true,"href":"https:\/\/sites.les.univr.it\/fashion\/index.php\/wp-json\/wp\/v2\/tags?post=1173"}],"curies":[{"name":"wp","href":"https:\/\/api.w.org\/{rel}","templated":true}]}}